{"@context":"https:\/\/schema.org\/","@type":"CollectionPage","@id":"https:\/\/www.voxv.sk\/podnikanie\/#CollectionPage","headline":"Podnikanie Category","description":"","url":"https:\/\/www.voxv.sk\/podnikanie\/","hasPart":[{"@type":"Article","@id":"https:\/\/www.voxv.sk\/akcie-tesla-vyskocili-vdaka-rekordnym-dodavkam-ulahcujucim-dopyt\/","headline":"Akcie Tesla vysko\u010dili v\u010faka rekordn\u00fdm dod\u00e1vkam u\u013eah\u010duj\u00facim dopyt","url":"https:\/\/www.voxv.sk\/akcie-tesla-vyskocili-vdaka-rekordnym-dodavkam-ulahcujucim-dopyt\/","datePublished":"2019-07-08","dateModified":"2019-07-08","mainEntityOfPage":"https:\/\/www.voxv.sk\/akcie-tesla-vyskocili-vdaka-rekordnym-dodavkam-ulahcujucim-dopyt\/","author":{"@type":"Person","@id":"https:\/\/www.voxv.sk\/author\/#Person","name":"","url":"https:\/\/www.voxv.sk\/author\/","identifier":1,"image":{"@type":"ImageObject","@id":"https:\/\/secure.gravatar.com\/avatar\/1bbb35219ad819cefa53fdc5515b24173b84f885da520bcb5e2dcb96444d797b?s=96&d=mm&r=g","url":"https:\/\/secure.gravatar.com\/avatar\/1bbb35219ad819cefa53fdc5515b24173b84f885da520bcb5e2dcb96444d797b?s=96&d=mm&r=g","height":96,"width":96}},"publisher":{"@type":"Organization","name":"voxv.sk","logo":{"@type":"ImageObject","@id":"\/logo.png","url":"\/logo.png","width":600,"height":60}},"image":{"@type":"ImageObject","@id":"https:\/\/www.voxv.sk\/wp-content\/uploads\/img_a304077_w16623_t1564506614.jpg","url":"https:\/\/www.voxv.sk\/wp-content\/uploads\/img_a304077_w16623_t1564506614.jpg","height":0,"width":0},"keywords":null},{"@type":"Article","@id":"https:\/\/www.voxv.sk\/zoznamte-sa-so-seo\/","headline":"Zozn\u00e1mte sa so SEO","url":"https:\/\/www.voxv.sk\/zoznamte-sa-so-seo\/","datePublished":"2019-06-01","dateModified":"2024-06-08","mainEntityOfPage":"https:\/\/www.voxv.sk\/zoznamte-sa-so-seo\/","author":{"@type":"Person","@id":"https:\/\/www.voxv.sk\/author\/#Person","name":"","url":"https:\/\/www.voxv.sk\/author\/","identifier":1,"image":{"@type":"ImageObject","@id":"https:\/\/secure.gravatar.com\/avatar\/1bbb35219ad819cefa53fdc5515b24173b84f885da520bcb5e2dcb96444d797b?s=96&d=mm&r=g","url":"https:\/\/secure.gravatar.com\/avatar\/1bbb35219ad819cefa53fdc5515b24173b84f885da520bcb5e2dcb96444d797b?s=96&d=mm&r=g","height":96,"width":96}},"publisher":{"@type":"Organization","name":"voxv.sk","logo":{"@type":"ImageObject","@id":"\/logo.png","url":"\/logo.png","width":600,"height":60}},"image":{"@type":"ImageObject","@id":"https:\/\/www.voxv.sk\/wp-content\/uploads\/img_a307808_w16827_t1572277307.jpg","url":"https:\/\/www.voxv.sk\/wp-content\/uploads\/img_a307808_w16827_t1572277307.jpg","height":0,"width":0},"keywords":null},{"@type":"Article","@id":"https:\/\/www.voxv.sk\/autoservis-ktory-sa-vam-bude-pacit\/","headline":"Autoservis ktor\u00fd sa v\u00e1m bude p\u00e1\u010di\u0165","url":"https:\/\/www.voxv.sk\/autoservis-ktory-sa-vam-bude-pacit\/","datePublished":"2019-04-18","dateModified":"2019-04-18","mainEntityOfPage":"https:\/\/www.voxv.sk\/autoservis-ktory-sa-vam-bude-pacit\/","author":{"@type":"Person","@id":"https:\/\/www.voxv.sk\/author\/#Person","name":"","url":"https:\/\/www.voxv.sk\/author\/","identifier":1,"image":{"@type":"ImageObject","@id":"https:\/\/secure.gravatar.com\/avatar\/1bbb35219ad819cefa53fdc5515b24173b84f885da520bcb5e2dcb96444d797b?s=96&d=mm&r=g","url":"https:\/\/secure.gravatar.com\/avatar\/1bbb35219ad819cefa53fdc5515b24173b84f885da520bcb5e2dcb96444d797b?s=96&d=mm&r=g","height":96,"width":96}},"publisher":{"@type":"Organization","name":"voxv.sk","logo":{"@type":"ImageObject","@id":"\/logo.png","url":"\/logo.png","width":600,"height":60}},"image":{"@type":"ImageObject","@id":"https:\/\/www.voxv.sk\/wp-content\/uploads\/img_a301472_w16666_t1559019080.jpg","url":"https:\/\/www.voxv.sk\/wp-content\/uploads\/img_a301472_w16666_t1559019080.jpg","height":0,"width":0},"keywords":null},{"@type":"Article","@id":"https:\/\/www.voxv.sk\/toto-je-viac-nez-len-jasne\/","headline":"Toto je viac, ne\u017e len jasn\u00e9","url":"https:\/\/www.voxv.sk\/toto-je-viac-nez-len-jasne\/","datePublished":"2018-12-03","dateModified":"2018-12-03","mainEntityOfPage":"https:\/\/www.voxv.sk\/toto-je-viac-nez-len-jasne\/","author":{"@type":"Person","@id":"https:\/\/www.voxv.sk\/author\/#Person","name":"","url":"https:\/\/www.voxv.sk\/author\/","identifier":1,"image":{"@type":"ImageObject","@id":"https:\/\/secure.gravatar.com\/avatar\/1bbb35219ad819cefa53fdc5515b24173b84f885da520bcb5e2dcb96444d797b?s=96&d=mm&r=g","url":"https:\/\/secure.gravatar.com\/avatar\/1bbb35219ad819cefa53fdc5515b24173b84f885da520bcb5e2dcb96444d797b?s=96&d=mm&r=g","height":96,"width":96}},"publisher":{"@type":"Organization","name":"voxv.sk","logo":{"@type":"ImageObject","@id":"\/logo.png","url":"\/logo.png","width":600,"height":60}},"image":{"@type":"ImageObject","@id":"https:\/\/www.voxv.sk\/wp-content\/uploads\/img_a294606_w16685_t1544779696.png","url":"https:\/\/www.voxv.sk\/wp-content\/uploads\/img_a294606_w16685_t1544779696.png","height":0,"width":0},"keywords":null}]}